{"id":1669,"date":"2023-02-06T11:04:53","date_gmt":"2023-02-06T11:04:53","guid":{"rendered":"https:\/\/albertlacostataller.com\/cambio-discos-y-pastillas-de-freno-figueres\/"},"modified":"2023-02-06T11:09:13","modified_gmt":"2023-02-06T11:09:13","slug":"canvi-discos-i-pastilles-de-fre-figueres","status":"publish","type":"post","link":"https:\/\/albertlacostataller.com\/ca\/canvi-discos-i-pastilles-de-fre-figueres\/","title":{"rendered":"Consells per tenir en compte sobre discos i pastilles de fre"},"content":{"rendered":"\n<p>L&#8217;interval de substituci\u00f3 dels discs i les pastilles de fre varia segons la marca o el tipus, per\u00f2 el factor m\u00e9s important per determinar-ne la substituci\u00f3 \u00e9s l&#8217;estil de conducci\u00f3 i la freq\u00fc\u00e8ncia d&#8217;\u00fas. \u00c9s important controlar peri\u00f2dicament el desgast dels discos i les pastilles de fre, ja que els components de fre desgastats poden comprometre el rendiment de frenada.<\/p>\n\n\n\n<h2 class=\"wp-block-heading\">7 consells per a compte sobre discos i pastilles de fre<\/h2>\n\n\n\n<ol class=\"wp-block-list\"><li>Verificar el desgast: has de revisar peri\u00f2dicament el desgast dels discos de fre per determinar quan cal reempla\u00e7ar-los.<\/li><li>Triar la qualitat adequada: assegura&#8217;t d&#8217;escollir pastilles de fre de bona qualitat per garantir un rendiment \u00f2ptim i m\u00e9s durabilitat.<\/li><li>Considera l&#8217;\u00fas: si uses sovint el teu vehicle en carreteres muntanyenques o en condicions de conducci\u00f3 exigents, \u00e9s possible que necessitis reempla\u00e7ar les pastilles de fre amb m\u00e9s freq\u00fc\u00e8ncia.<\/li><li>Escoltar els senyals d&#8217;advertiment: si escoltes un soroll fort o un grinyol en frenar, \u00e9s possible que sigui hora de reempla\u00e7ar els vostres discos de fre.<\/li><li>Mantenir una bona t\u00e8cnica de conducci\u00f3: condueix de manera suau i progressiva per evitar desgast prematur a les teves pastilles de fre.<\/li><li>Comprova si hi ha deformacions: tamb\u00e9 \u00e9s important inspeccionar els frens de disc per detectar qualsevol deformaci\u00f3 o esquerda que es pugui produir a causa d&#8217;un \u00fas prolongat. Un <a href=\"https:\/\/albertlacostataller.com\/ca\/\" target=\"_blank\" rel=\"noreferrer noopener\">mec\u00e0nic de confian\u00e7a a Figueres<\/a> es pot comprovar per tu si cal.<\/li><li>Netejar i lubricar: Mantingues els discos i les pastilles de fre nets i lubricats amb un greix adequat per evitar la corrosi\u00f3 i reduir el desgast.<\/li><\/ol>\n\n\n\n<p>Recordeu que la seguretat \u00e9s la prioritat en la conducci\u00f3, per la qual cosa \u00e9s important mantenir aquest tipus d&#8217;elements del vostre vehicle en bon estat.<\/p>\n\n\n\n<p>A <a href=\"https:\/\/tallermecanicofigueres.com\/\" target=\"_blank\" rel=\"noreferrer noopener\">Albert Lacosta Taller<\/a> realitzem el <strong>canvi de pastilles de fre<\/strong> i discos de manera habitual. Recomanem el canvi de pastilles cada dos anys. Visita el nostre taller mec\u00e0nic a Figueres.<\/p>\n","protected":false},"excerpt":{"rendered":"<p>L&#8217;interval de substituci\u00f3 dels discs i les pastilles de fre varia segons la marca o el tipus, per\u00f2 el factor m\u00e9s important per determinar-ne la substituci\u00f3 \u00e9s l&#8217;estil de conducci\u00f3 i la freq\u00fc\u00e8ncia d&#8217;\u00fas. \u00c9s important controlar peri\u00f2dicament el desgast dels discos i les pastilles de fre, ja que els components de fre desgastats poden [&hellip;]<\/p>\n","protected":false},"author":1,"featured_media":1665,"comment_status":"closed","ping_status":"open","sticky":false,"template":"","format":"standard","meta":{"_et_pb_use_builder":"off","_et_pb_old_content":"","_et_gb_content_width":"","footnotes":""},"categories":[156],"tags":[169,183,162,163,170],"class_list":["post-1669","post","type-post","status-publish","format-standard","has-post-thumbnail","hentry","category-consells-ca","tag-consejos-ca","tag-invierno-ca","tag-pastillas-de-freno-ca","tag-servicios-ca","tag-taller-ca"],"yoast_head":"<!-- This site is optimized with the Yoast SEO plugin v27.3 - https:\/\/yoast.com\/product\/yoast-seo-wordpress\/ -->\n<title>Canvi de discos i pastilles de fre a Figueres<\/title>\n<meta name=\"description\" content=\"A Albert Lacosta Taller realitzem el canvi de discos i pastilles de fre a Figueres. Recomanem el canvi de pastilles cada dos anys.\" \/>\n<meta name=\"robots\" content=\"index, follow, max-snippet:-1, max-image-preview:large, max-video-preview:-1\" \/>\n<link rel=\"canonical\" href=\"https:\/\/albertlacostataller.com\/ca\/canvi-discos-i-pastilles-de-fre-figueres\/\" \/>\n<meta property=\"og:locale\" content=\"ca_ES\" \/>\n<meta property=\"og:type\" content=\"article\" \/>\n<meta property=\"og:title\" content=\"Canvi de discos i pastilles de fre a Figueres\" \/>\n<meta property=\"og:description\" content=\"A Albert Lacosta Taller realitzem el canvi de discos i pastilles de fre a Figueres. Recomanem el canvi de pastilles cada dos anys.\" \/>\n<meta property=\"og:url\" content=\"https:\/\/albertlacostataller.com\/ca\/canvi-discos-i-pastilles-de-fre-figueres\/\" \/>\n<meta property=\"og:site_name\" content=\"ALBERT LACOSTA TALLER\" \/>\n<meta property=\"article:publisher\" content=\"https:\/\/www.facebook.com\/AlbertLacostaTaller\/\" \/>\n<meta property=\"article:author\" content=\"https:\/\/www.facebook.com\/AlbertLacostaTaller\/\" \/>\n<meta property=\"article:published_time\" content=\"2023-02-06T11:04:53+00:00\" \/>\n<meta property=\"article:modified_time\" content=\"2023-02-06T11:09:13+00:00\" \/>\n<meta property=\"og:image\" content=\"https:\/\/albertlacostataller.com\/wp-content\/uploads\/2023\/02\/pastillas-de-freno.png\" \/>\n\t<meta property=\"og:image:width\" content=\"940\" \/>\n\t<meta property=\"og:image:height\" content=\"788\" \/>\n\t<meta property=\"og:image:type\" content=\"image\/png\" \/>\n<meta name=\"author\" content=\"albertlacosta\" \/>\n<meta name=\"twitter:card\" content=\"summary_large_image\" \/>\n<meta name=\"twitter:label1\" content=\"Escrit per\" \/>\n\t<meta name=\"twitter:data1\" content=\"albertlacosta\" \/>\n\t<meta name=\"twitter:label2\" content=\"Temps estimat de lectura\" \/>\n\t<meta name=\"twitter:data2\" content=\"2 minuts\" \/>\n<script type=\"application\/ld+json\" class=\"yoast-schema-graph\">{\"@context\":\"https:\\\/\\\/schema.org\",\"@graph\":[{\"@type\":\"Article\",\"@id\":\"https:\\\/\\\/albertlacostataller.com\\\/ca\\\/canvi-discos-i-pastilles-de-fre-figueres\\\/#article\",\"isPartOf\":{\"@id\":\"https:\\\/\\\/albertlacostataller.com\\\/ca\\\/canvi-discos-i-pastilles-de-fre-figueres\\\/\"},\"author\":{\"name\":\"albertlacosta\",\"@id\":\"https:\\\/\\\/albertlacostataller.com\\\/ca\\\/#\\\/schema\\\/person\\\/c094d080847c6fc50d6a7d315db8fc64\"},\"headline\":\"Consells per tenir en compte sobre discos i pastilles de fre\",\"datePublished\":\"2023-02-06T11:04:53+00:00\",\"dateModified\":\"2023-02-06T11:09:13+00:00\",\"mainEntityOfPage\":{\"@id\":\"https:\\\/\\\/albertlacostataller.com\\\/ca\\\/canvi-discos-i-pastilles-de-fre-figueres\\\/\"},\"wordCount\":343,\"publisher\":{\"@id\":\"https:\\\/\\\/albertlacostataller.com\\\/ca\\\/#organization\"},\"image\":{\"@id\":\"https:\\\/\\\/albertlacostataller.com\\\/ca\\\/canvi-discos-i-pastilles-de-fre-figueres\\\/#primaryimage\"},\"thumbnailUrl\":\"https:\\\/\\\/albertlacostataller.com\\\/wp-content\\\/uploads\\\/2023\\\/02\\\/pastillas-de-freno.png\",\"keywords\":[\"consejos\",\"invierno\",\"pastillas de freno\",\"servicios\",\"taller\"],\"articleSection\":[\"Consells\"],\"inLanguage\":\"ca\"},{\"@type\":\"WebPage\",\"@id\":\"https:\\\/\\\/albertlacostataller.com\\\/ca\\\/canvi-discos-i-pastilles-de-fre-figueres\\\/\",\"url\":\"https:\\\/\\\/albertlacostataller.com\\\/ca\\\/canvi-discos-i-pastilles-de-fre-figueres\\\/\",\"name\":\"Canvi de discos i pastilles de fre a Figueres\",\"isPartOf\":{\"@id\":\"https:\\\/\\\/albertlacostataller.com\\\/ca\\\/#website\"},\"primaryImageOfPage\":{\"@id\":\"https:\\\/\\\/albertlacostataller.com\\\/ca\\\/canvi-discos-i-pastilles-de-fre-figueres\\\/#primaryimage\"},\"image\":{\"@id\":\"https:\\\/\\\/albertlacostataller.com\\\/ca\\\/canvi-discos-i-pastilles-de-fre-figueres\\\/#primaryimage\"},\"thumbnailUrl\":\"https:\\\/\\\/albertlacostataller.com\\\/wp-content\\\/uploads\\\/2023\\\/02\\\/pastillas-de-freno.png\",\"datePublished\":\"2023-02-06T11:04:53+00:00\",\"dateModified\":\"2023-02-06T11:09:13+00:00\",\"description\":\"A Albert Lacosta Taller realitzem el canvi de discos i pastilles de fre a Figueres. Recomanem el canvi de pastilles cada dos anys.\",\"breadcrumb\":{\"@id\":\"https:\\\/\\\/albertlacostataller.com\\\/ca\\\/canvi-discos-i-pastilles-de-fre-figueres\\\/#breadcrumb\"},\"inLanguage\":\"ca\",\"potentialAction\":[{\"@type\":\"ReadAction\",\"target\":[\"https:\\\/\\\/albertlacostataller.com\\\/ca\\\/canvi-discos-i-pastilles-de-fre-figueres\\\/\"]}]},{\"@type\":\"ImageObject\",\"inLanguage\":\"ca\",\"@id\":\"https:\\\/\\\/albertlacostataller.com\\\/ca\\\/canvi-discos-i-pastilles-de-fre-figueres\\\/#primaryimage\",\"url\":\"https:\\\/\\\/albertlacostataller.com\\\/wp-content\\\/uploads\\\/2023\\\/02\\\/pastillas-de-freno.png\",\"contentUrl\":\"https:\\\/\\\/albertlacostataller.com\\\/wp-content\\\/uploads\\\/2023\\\/02\\\/pastillas-de-freno.png\",\"width\":940,\"height\":788,\"caption\":\"discos y pastillas de freno\"},{\"@type\":\"BreadcrumbList\",\"@id\":\"https:\\\/\\\/albertlacostataller.com\\\/ca\\\/canvi-discos-i-pastilles-de-fre-figueres\\\/#breadcrumb\",\"itemListElement\":[{\"@type\":\"ListItem\",\"position\":1,\"name\":\"Portada\",\"item\":\"https:\\\/\\\/albertlacostataller.com\\\/ca\\\/\"},{\"@type\":\"ListItem\",\"position\":2,\"name\":\"Consells per tenir en compte sobre discos i pastilles de fre\"}]},{\"@type\":\"WebSite\",\"@id\":\"https:\\\/\\\/albertlacostataller.com\\\/ca\\\/#website\",\"url\":\"https:\\\/\\\/albertlacostataller.com\\\/ca\\\/\",\"name\":\"ALBERT LACOSTA TALLER\",\"description\":\"Mantenimiento y reparaci\u00f3n de veh\u00edculos de motor\",\"publisher\":{\"@id\":\"https:\\\/\\\/albertlacostataller.com\\\/ca\\\/#organization\"},\"potentialAction\":[{\"@type\":\"SearchAction\",\"target\":{\"@type\":\"EntryPoint\",\"urlTemplate\":\"https:\\\/\\\/albertlacostataller.com\\\/ca\\\/?s={search_term_string}\"},\"query-input\":{\"@type\":\"PropertyValueSpecification\",\"valueRequired\":true,\"valueName\":\"search_term_string\"}}],\"inLanguage\":\"ca\"},{\"@type\":\"Organization\",\"@id\":\"https:\\\/\\\/albertlacostataller.com\\\/ca\\\/#organization\",\"name\":\"ALBERT LACOSTA TALLER\",\"url\":\"https:\\\/\\\/albertlacostataller.com\\\/ca\\\/\",\"logo\":{\"@type\":\"ImageObject\",\"inLanguage\":\"ca\",\"@id\":\"https:\\\/\\\/albertlacostataller.com\\\/ca\\\/#\\\/schema\\\/logo\\\/image\\\/\",\"url\":\"https:\\\/\\\/albertlacostataller.com\\\/wp-content\\\/uploads\\\/2015\\\/01\\\/logo.png\",\"contentUrl\":\"https:\\\/\\\/albertlacostataller.com\\\/wp-content\\\/uploads\\\/2015\\\/01\\\/logo.png\",\"width\":250,\"height\":250,\"caption\":\"ALBERT LACOSTA TALLER\"},\"image\":{\"@id\":\"https:\\\/\\\/albertlacostataller.com\\\/ca\\\/#\\\/schema\\\/logo\\\/image\\\/\"},\"sameAs\":[\"https:\\\/\\\/www.facebook.com\\\/AlbertLacostaTaller\\\/\"]},{\"@type\":\"Person\",\"@id\":\"https:\\\/\\\/albertlacostataller.com\\\/ca\\\/#\\\/schema\\\/person\\\/c094d080847c6fc50d6a7d315db8fc64\",\"name\":\"albertlacosta\",\"sameAs\":[\"https:\\\/\\\/www.facebook.com\\\/AlbertLacostaTaller\\\/\"]}]}<\/script>\n<!-- \/ Yoast SEO plugin. -->","yoast_head_json":{"title":"Canvi de discos i pastilles de fre a Figueres","description":"A Albert Lacosta Taller realitzem el canvi de discos i pastilles de fre a Figueres. Recomanem el canvi de pastilles cada dos anys.","robots":{"index":"index","follow":"follow","max-snippet":"max-snippet:-1","max-image-preview":"max-image-preview:large","max-video-preview":"max-video-preview:-1"},"canonical":"https:\/\/albertlacostataller.com\/ca\/canvi-discos-i-pastilles-de-fre-figueres\/","og_locale":"ca_ES","og_type":"article","og_title":"Canvi de discos i pastilles de fre a Figueres","og_description":"A Albert Lacosta Taller realitzem el canvi de discos i pastilles de fre a Figueres. Recomanem el canvi de pastilles cada dos anys.","og_url":"https:\/\/albertlacostataller.com\/ca\/canvi-discos-i-pastilles-de-fre-figueres\/","og_site_name":"ALBERT LACOSTA TALLER","article_publisher":"https:\/\/www.facebook.com\/AlbertLacostaTaller\/","article_author":"https:\/\/www.facebook.com\/AlbertLacostaTaller\/","article_published_time":"2023-02-06T11:04:53+00:00","article_modified_time":"2023-02-06T11:09:13+00:00","og_image":[{"width":940,"height":788,"url":"https:\/\/albertlacostataller.com\/wp-content\/uploads\/2023\/02\/pastillas-de-freno.png","type":"image\/png"}],"author":"albertlacosta","twitter_card":"summary_large_image","twitter_misc":{"Escrit per":"albertlacosta","Temps estimat de lectura":"2 minuts"},"schema":{"@context":"https:\/\/schema.org","@graph":[{"@type":"Article","@id":"https:\/\/albertlacostataller.com\/ca\/canvi-discos-i-pastilles-de-fre-figueres\/#article","isPartOf":{"@id":"https:\/\/albertlacostataller.com\/ca\/canvi-discos-i-pastilles-de-fre-figueres\/"},"author":{"name":"albertlacosta","@id":"https:\/\/albertlacostataller.com\/ca\/#\/schema\/person\/c094d080847c6fc50d6a7d315db8fc64"},"headline":"Consells per tenir en compte sobre discos i pastilles de fre","datePublished":"2023-02-06T11:04:53+00:00","dateModified":"2023-02-06T11:09:13+00:00","mainEntityOfPage":{"@id":"https:\/\/albertlacostataller.com\/ca\/canvi-discos-i-pastilles-de-fre-figueres\/"},"wordCount":343,"publisher":{"@id":"https:\/\/albertlacostataller.com\/ca\/#organization"},"image":{"@id":"https:\/\/albertlacostataller.com\/ca\/canvi-discos-i-pastilles-de-fre-figueres\/#primaryimage"},"thumbnailUrl":"https:\/\/albertlacostataller.com\/wp-content\/uploads\/2023\/02\/pastillas-de-freno.png","keywords":["consejos","invierno","pastillas de freno","servicios","taller"],"articleSection":["Consells"],"inLanguage":"ca"},{"@type":"WebPage","@id":"https:\/\/albertlacostataller.com\/ca\/canvi-discos-i-pastilles-de-fre-figueres\/","url":"https:\/\/albertlacostataller.com\/ca\/canvi-discos-i-pastilles-de-fre-figueres\/","name":"Canvi de discos i pastilles de fre a Figueres","isPartOf":{"@id":"https:\/\/albertlacostataller.com\/ca\/#website"},"primaryImageOfPage":{"@id":"https:\/\/albertlacostataller.com\/ca\/canvi-discos-i-pastilles-de-fre-figueres\/#primaryimage"},"image":{"@id":"https:\/\/albertlacostataller.com\/ca\/canvi-discos-i-pastilles-de-fre-figueres\/#primaryimage"},"thumbnailUrl":"https:\/\/albertlacostataller.com\/wp-content\/uploads\/2023\/02\/pastillas-de-freno.png","datePublished":"2023-02-06T11:04:53+00:00","dateModified":"2023-02-06T11:09:13+00:00","description":"A Albert Lacosta Taller realitzem el canvi de discos i pastilles de fre a Figueres. Recomanem el canvi de pastilles cada dos anys.","breadcrumb":{"@id":"https:\/\/albertlacostataller.com\/ca\/canvi-discos-i-pastilles-de-fre-figueres\/#breadcrumb"},"inLanguage":"ca","potentialAction":[{"@type":"ReadAction","target":["https:\/\/albertlacostataller.com\/ca\/canvi-discos-i-pastilles-de-fre-figueres\/"]}]},{"@type":"ImageObject","inLanguage":"ca","@id":"https:\/\/albertlacostataller.com\/ca\/canvi-discos-i-pastilles-de-fre-figueres\/#primaryimage","url":"https:\/\/albertlacostataller.com\/wp-content\/uploads\/2023\/02\/pastillas-de-freno.png","contentUrl":"https:\/\/albertlacostataller.com\/wp-content\/uploads\/2023\/02\/pastillas-de-freno.png","width":940,"height":788,"caption":"discos y pastillas de freno"},{"@type":"BreadcrumbList","@id":"https:\/\/albertlacostataller.com\/ca\/canvi-discos-i-pastilles-de-fre-figueres\/#breadcrumb","itemListElement":[{"@type":"ListItem","position":1,"name":"Portada","item":"https:\/\/albertlacostataller.com\/ca\/"},{"@type":"ListItem","position":2,"name":"Consells per tenir en compte sobre discos i pastilles de fre"}]},{"@type":"WebSite","@id":"https:\/\/albertlacostataller.com\/ca\/#website","url":"https:\/\/albertlacostataller.com\/ca\/","name":"ALBERT LACOSTA TALLER","description":"Mantenimiento y reparaci\u00f3n de veh\u00edculos de motor","publisher":{"@id":"https:\/\/albertlacostataller.com\/ca\/#organization"},"potentialAction":[{"@type":"SearchAction","target":{"@type":"EntryPoint","urlTemplate":"https:\/\/albertlacostataller.com\/ca\/?s={search_term_string}"},"query-input":{"@type":"PropertyValueSpecification","valueRequired":true,"valueName":"search_term_string"}}],"inLanguage":"ca"},{"@type":"Organization","@id":"https:\/\/albertlacostataller.com\/ca\/#organization","name":"ALBERT LACOSTA TALLER","url":"https:\/\/albertlacostataller.com\/ca\/","logo":{"@type":"ImageObject","inLanguage":"ca","@id":"https:\/\/albertlacostataller.com\/ca\/#\/schema\/logo\/image\/","url":"https:\/\/albertlacostataller.com\/wp-content\/uploads\/2015\/01\/logo.png","contentUrl":"https:\/\/albertlacostataller.com\/wp-content\/uploads\/2015\/01\/logo.png","width":250,"height":250,"caption":"ALBERT LACOSTA TALLER"},"image":{"@id":"https:\/\/albertlacostataller.com\/ca\/#\/schema\/logo\/image\/"},"sameAs":["https:\/\/www.facebook.com\/AlbertLacostaTaller\/"]},{"@type":"Person","@id":"https:\/\/albertlacostataller.com\/ca\/#\/schema\/person\/c094d080847c6fc50d6a7d315db8fc64","name":"albertlacosta","sameAs":["https:\/\/www.facebook.com\/AlbertLacostaTaller\/"]}]}},"_links":{"self":[{"href":"https:\/\/albertlacostataller.com\/ca\/wp-json\/wp\/v2\/posts\/1669","targetHints":{"allow":["GET"]}}],"collection":[{"href":"https:\/\/albertlacostataller.com\/ca\/wp-json\/wp\/v2\/posts"}],"about":[{"href":"https:\/\/albertlacostataller.com\/ca\/wp-json\/wp\/v2\/types\/post"}],"author":[{"embeddable":true,"href":"https:\/\/albertlacostataller.com\/ca\/wp-json\/wp\/v2\/users\/1"}],"replies":[{"embeddable":true,"href":"https:\/\/albertlacostataller.com\/ca\/wp-json\/wp\/v2\/comments?post=1669"}],"version-history":[{"count":0,"href":"https:\/\/albertlacostataller.com\/ca\/wp-json\/wp\/v2\/posts\/1669\/revisions"}],"wp:featuredmedia":[{"embeddable":true,"href":"https:\/\/albertlacostataller.com\/ca\/wp-json\/wp\/v2\/media\/1665"}],"wp:attachment":[{"href":"https:\/\/albertlacostataller.com\/ca\/wp-json\/wp\/v2\/media?parent=1669"}],"wp:term":[{"taxonomy":"category","embeddable":true,"href":"https:\/\/albertlacostataller.com\/ca\/wp-json\/wp\/v2\/categories?post=1669"},{"taxonomy":"post_tag","embeddable":true,"href":"https:\/\/albertlacostataller.com\/ca\/wp-json\/wp\/v2\/tags?post=1669"}],"curies":[{"name":"wp","href":"https:\/\/api.w.org\/{rel}","templated":true}]}}